{"id":1058,"date":"2020-07-17T08:16:29","date_gmt":"2020-07-17T06:16:29","guid":{"rendered":"http:\/\/trucks.motortarrega.com\/motor-tarrega-inaugura-el-rincon-del-heroe\/"},"modified":"2020-07-17T08:16:29","modified_gmt":"2020-07-17T06:16:29","slug":"motor-tarrega-inaugura-el-rincon-del-heroe","status":"publish","type":"post","link":"https:\/\/trucks.motortarrega.com\/ca\/motor-tarrega-inaugura-el-rincon-del-heroe\/","title":{"rendered":"MOTOR T\u00c0RREGA INAUGURA EL RINC\u00d3N DEL H\u00c9ROE"},"content":{"rendered":"\n<p><strong>Renault Trucks y Motor T\u00e0rrega no\nolvidan la situaci\u00f3n en la que se ha visto inmerso el sector del transporte,\nlas condiciones y el esfuerzo adicional de empresas y conductores ante esta\ncrisis sin precedentes. Por ello, como muestra de agradecimiento y apoyo a\nestos profesionales, que han estado en primera l\u00ednea para bienestar de todos,\ninauguramos &#8220;el rinc\u00f3n del h\u00e9roe&#8221;.<\/strong><\/p>\n\n\n\n<p>Desde que en marzo de este a\u00f1o se\niniciase la crisis sanitaria por el COVID-19, muchos sectores profesionales han\ntrabajado en primera l\u00ednea de batalla demostrando la importancia de su labor. Y\nno hablamos solo de los m\u00e9dicos y personal sanitario, sino tambi\u00e9n de aquellos\ntrabajadores a los que ahora llamamos &#8220;esenciales&#8221;, entre los que se\nencuentra el gremio de transportistas. <\/p>\n\n\n\n<figure class=\"wp-block-gallery aligncenter columns-3 is-cropped wp-block-gallery-1 is-layout-flex wp-block-gallery-is-layout-flex\"><ul class=\"blocks-gallery-grid\"><li class=\"blocks-gallery-item\"><figure><img decoding=\"async\" src=\"http:\/\/trucks.motortarrega.com\/wp-content\/uploads\/2020\/07\/WhatsApp-Image-2020-07-10-at-19.42.38.jpeg\" alt=\"\" data-id=\"6863\" data-full-url=\"http:\/\/trucks.motortarrega.com\/wp-content\/uploads\/2020\/07\/WhatsApp-Image-2020-07-10-at-19.42.38.jpeg\" data-link=\"http:\/\/trucks.motortarrega.com\/?attachment_id=6863\" class=\"wp-image-6863\"\/><\/figure><\/li><li class=\"blocks-gallery-item\"><figure><img decoding=\"async\" src=\"http:\/\/trucks.motortarrega.com\/wp-content\/uploads\/2020\/07\/WhatsApp-Image-2020-07-10-at-19.42.38-2-1024x768.jpeg\" alt=\"\" data-id=\"6858\" data-full-url=\"http:\/\/trucks.motortarrega.com\/wp-content\/uploads\/2020\/07\/WhatsApp-Image-2020-07-10-at-19.42.38-2.jpeg\" data-link=\"http:\/\/trucks.motortarrega.com\/?attachment_id=6858\" class=\"wp-image-6858\"\/><\/figure><\/li><li class=\"blocks-gallery-item\"><figure><img decoding=\"async\" src=\"http:\/\/trucks.motortarrega.com\/wp-content\/uploads\/2020\/07\/WhatsApp-Image-2020-07-10-at-19.42.37-1024x768.jpeg\" alt=\"\" data-id=\"6857\" data-full-url=\"http:\/\/trucks.motortarrega.com\/wp-content\/uploads\/2020\/07\/WhatsApp-Image-2020-07-10-at-19.42.37.jpeg\" data-link=\"http:\/\/trucks.motortarrega.com\/?attachment_id=6857\" class=\"wp-image-6857\"\/><\/figure><\/li><\/ul><\/figure>\n\n\n\n<p>Si bien <strong>este sector ha sido\nclave, siempre, para dar continuidad a la cadena de suministro que nos permite\ndisponer de todo lo necesario a nuestro alcance<\/strong>, durante estos meses\nhemos sido m\u00e1s conscientes y ellos, m\u00e1s valientes, incansables y perseverantes\nque nunca. Nos han cuidado y prove\u00eddo haciendo que, en estos tiempos inciertos,\npudi\u00e9ramos mantener el bienestar en nuestras vidas. <\/p>\n\n\n\n<figure class=\"wp-block-gallery aligncenter columns-3 is-cropped wp-block-gallery-2 is-layout-flex wp-block-gallery-is-layout-flex\"><ul class=\"blocks-gallery-grid\"><li class=\"blocks-gallery-item\"><figure><img decoding=\"async\" src=\"http:\/\/trucks.motortarrega.com\/wp-content\/uploads\/2020\/07\/WhatsApp-Image-2020-07-10-at-19.42.38-3-768x1024.jpeg\" alt=\"\" data-id=\"6862\" data-full-url=\"http:\/\/trucks.motortarrega.com\/wp-content\/uploads\/2020\/07\/WhatsApp-Image-2020-07-10-at-19.42.38-3.jpeg\" data-link=\"http:\/\/trucks.motortarrega.com\/?attachment_id=6862\" class=\"wp-image-6862\"\/><\/figure><\/li><li class=\"blocks-gallery-item\"><figure><img decoding=\"async\" src=\"http:\/\/trucks.motortarrega.com\/wp-content\/uploads\/2020\/07\/WhatsApp-Image-2020-07-10-at-19.42.38-1-768x1024.jpeg\" alt=\"\" data-id=\"6861\" data-full-url=\"http:\/\/trucks.motortarrega.com\/wp-content\/uploads\/2020\/07\/WhatsApp-Image-2020-07-10-at-19.42.38-1.jpeg\" data-link=\"http:\/\/trucks.motortarrega.com\/?attachment_id=6861\" class=\"wp-image-6861\"\/><\/figure><\/li><li class=\"blocks-gallery-item\"><figure><img decoding=\"async\" src=\"http:\/\/trucks.motortarrega.com\/wp-content\/uploads\/2020\/07\/WhatsApp-Image-2020-07-10-at-19.42.37-2-768x1024.jpeg\" alt=\"\" data-id=\"6860\" data-full-url=\"http:\/\/trucks.motortarrega.com\/wp-content\/uploads\/2020\/07\/WhatsApp-Image-2020-07-10-at-19.42.37-2.jpeg\" data-link=\"http:\/\/trucks.motortarrega.com\/?attachment_id=6860\" class=\"wp-image-6860\"\/><\/figure><\/li><\/ul><\/figure>\n\n\n\n<p>Por eso, Renault Trucks y Motor\nT\u00e0rregaquieren mostrar su agradecimiento con la entrega de un peque\u00f1o detalle,\npero que pone en valor su labor y que recuerda la importancia que su misi\u00f3n\ntiene para la sociedad. <\/p>\n\n\n\n<p>Ven a nuestras instalaciones y\nrecibe tu Kit del H\u00e9roe que consiste en una bolsa isot\u00e9rmica personalizada con\nun mensaje de reconocimiento, incluyendo un snack y una bebida. <\/p>\n\n\n\n<p>Porque, aunque la crisis sanitaria est\u00e9 remontando, para Renault Trucks y Motor T\u00e0rrega, ya eran h\u00e9roes, lo han sido, y lo ser\u00e1n siempre.<\/p>\n\n\n\n<p>Fuente: Renault Trucks.<\/p>\n","protected":false},"excerpt":{"rendered":"<p>Renault Trucks y Motor T\u00e0rrega no olvidan la situaci\u00f3n en la que se ha visto inmerso el sector del transporte, las condiciones y el esfuerzo adicional de empresas y conductores ante esta crisis sin precedentes. Por ello, como muestra de agradecimiento y apoyo a estos profesionales, que han estado en primera l\u00ednea para bienestar de [&hellip;]<\/p>\n","protected":false},"author":1,"featured_media":1059,"comment_status":"open","ping_status":"open","sticky":false,"template":"","format":"standard","meta":{"_acf_changed":false,"footnotes":""},"categories":[22],"tags":[],"class_list":["post-1058","post","type-post","status-publish","format-standard","has-post-thumbnail","hentry","category-motor-tarrega"],"acf":[],"yoast_head":"<!-- This site is optimized with the Yoast SEO plugin v27.4 - https:\/\/yoast.com\/product\/yoast-seo-wordpress\/ -->\n<title>MOTOR T\u00c0RREGA INAUGURA EL RINC\u00d3N DEL H\u00c9ROE - Motor T\u00e0rrega<\/title>\n<meta name=\"description\" content=\"MOTOR T\u00c0RREGA INAUGURA EL RINC\u00d3N DEL H\u00c9ROE - Noticias Motor T\u00e0rrega Trucks\" \/>\n<meta name=\"robots\" content=\"index, follow, max-snippet:-1, max-image-preview:large, max-video-preview:-1\" \/>\n<link rel=\"canonical\" href=\"https:\/\/trucks.motortarrega.com\/motor-tarrega-inaugura-el-rincon-del-heroe\/\" \/>\n<meta property=\"og:locale\" content=\"ca_ES\" \/>\n<meta property=\"og:type\" content=\"article\" \/>\n<meta property=\"og:title\" content=\"MOTOR T\u00c0RREGA INAUGURA EL RINC\u00d3N DEL H\u00c9ROE - Motor T\u00e0rrega\" \/>\n<meta property=\"og:description\" content=\"MOTOR T\u00c0RREGA INAUGURA EL RINC\u00d3N DEL H\u00c9ROE - Noticias Motor T\u00e0rrega Trucks\" \/>\n<meta property=\"og:url\" content=\"https:\/\/trucks.motortarrega.com\/motor-tarrega-inaugura-el-rincon-del-heroe\/\" \/>\n<meta property=\"og:site_name\" content=\"Motor T\u00e0rrega\" \/>\n<meta property=\"article:publisher\" content=\"https:\/\/www.facebook.com\/motortarrega\/\" \/>\n<meta property=\"article:published_time\" content=\"2020-07-17T06:16:29+00:00\" \/>\n<meta property=\"og:image\" content=\"https:\/\/trucks.motortarrega.com\/wp-content\/uploads\/2025\/01\/rincon-del-heroe.jpg\" \/>\n\t<meta property=\"og:image:width\" content=\"801\" \/>\n\t<meta property=\"og:image:height\" content=\"438\" \/>\n\t<meta property=\"og:image:type\" content=\"image\/jpeg\" \/>\n<meta name=\"author\" content=\"admin\" \/>\n<meta name=\"twitter:card\" content=\"summary_large_image\" \/>\n<meta name=\"twitter:label1\" content=\"Escrit per\" \/>\n\t<meta name=\"twitter:data1\" content=\"admin\" \/>\n\t<meta name=\"twitter:label2\" content=\"Temps estimat de lectura\" \/>\n\t<meta name=\"twitter:data2\" content=\"1 minut\" \/>\n<script type=\"application\/ld+json\" class=\"yoast-schema-graph\">{\"@context\":\"https:\\\/\\\/schema.org\",\"@graph\":[{\"@type\":\"Article\",\"@id\":\"https:\\\/\\\/trucks.motortarrega.com\\\/motor-tarrega-inaugura-el-rincon-del-heroe\\\/#article\",\"isPartOf\":{\"@id\":\"https:\\\/\\\/trucks.motortarrega.com\\\/motor-tarrega-inaugura-el-rincon-del-heroe\\\/\"},\"author\":{\"name\":\"admin\",\"@id\":\"https:\\\/\\\/trucks.motortarrega.com\\\/#\\\/schema\\\/person\\\/a10e624be35c9777fbeca36df9b9f7ca\"},\"headline\":\"MOTOR T\u00c0RREGA INAUGURA EL RINC\u00d3N DEL H\u00c9ROE\",\"datePublished\":\"2020-07-17T06:16:29+00:00\",\"mainEntityOfPage\":{\"@id\":\"https:\\\/\\\/trucks.motortarrega.com\\\/motor-tarrega-inaugura-el-rincon-del-heroe\\\/\"},\"wordCount\":304,\"commentCount\":0,\"publisher\":{\"@id\":\"https:\\\/\\\/trucks.motortarrega.com\\\/#organization\"},\"image\":{\"@id\":\"https:\\\/\\\/trucks.motortarrega.com\\\/motor-tarrega-inaugura-el-rincon-del-heroe\\\/#primaryimage\"},\"thumbnailUrl\":\"https:\\\/\\\/trucks.motortarrega.com\\\/wp-content\\\/uploads\\\/2025\\\/01\\\/rincon-del-heroe.jpg\",\"articleSection\":[\"Motor T\u00e0rrega\"],\"inLanguage\":\"ca\"},{\"@type\":\"WebPage\",\"@id\":\"https:\\\/\\\/trucks.motortarrega.com\\\/motor-tarrega-inaugura-el-rincon-del-heroe\\\/\",\"url\":\"https:\\\/\\\/trucks.motortarrega.com\\\/motor-tarrega-inaugura-el-rincon-del-heroe\\\/\",\"name\":\"MOTOR T\u00c0RREGA INAUGURA EL RINC\u00d3N DEL H\u00c9ROE - Motor T\u00e0rrega\",\"isPartOf\":{\"@id\":\"https:\\\/\\\/trucks.motortarrega.com\\\/#website\"},\"primaryImageOfPage\":{\"@id\":\"https:\\\/\\\/trucks.motortarrega.com\\\/motor-tarrega-inaugura-el-rincon-del-heroe\\\/#primaryimage\"},\"image\":{\"@id\":\"https:\\\/\\\/trucks.motortarrega.com\\\/motor-tarrega-inaugura-el-rincon-del-heroe\\\/#primaryimage\"},\"thumbnailUrl\":\"https:\\\/\\\/trucks.motortarrega.com\\\/wp-content\\\/uploads\\\/2025\\\/01\\\/rincon-del-heroe.jpg\",\"datePublished\":\"2020-07-17T06:16:29+00:00\",\"description\":\"MOTOR T\u00c0RREGA INAUGURA EL RINC\u00d3N DEL H\u00c9ROE - Noticias Motor T\u00e0rrega Trucks\",\"breadcrumb\":{\"@id\":\"https:\\\/\\\/trucks.motortarrega.com\\\/motor-tarrega-inaugura-el-rincon-del-heroe\\\/#breadcrumb\"},\"inLanguage\":\"ca\",\"potentialAction\":[{\"@type\":\"ReadAction\",\"target\":[\"https:\\\/\\\/trucks.motortarrega.com\\\/motor-tarrega-inaugura-el-rincon-del-heroe\\\/\"]}]},{\"@type\":\"ImageObject\",\"inLanguage\":\"ca\",\"@id\":\"https:\\\/\\\/trucks.motortarrega.com\\\/motor-tarrega-inaugura-el-rincon-del-heroe\\\/#primaryimage\",\"url\":\"https:\\\/\\\/trucks.motortarrega.com\\\/wp-content\\\/uploads\\\/2025\\\/01\\\/rincon-del-heroe.jpg\",\"contentUrl\":\"https:\\\/\\\/trucks.motortarrega.com\\\/wp-content\\\/uploads\\\/2025\\\/01\\\/rincon-del-heroe.jpg\",\"width\":801,\"height\":438},{\"@type\":\"BreadcrumbList\",\"@id\":\"https:\\\/\\\/trucks.motortarrega.com\\\/motor-tarrega-inaugura-el-rincon-del-heroe\\\/#breadcrumb\",\"itemListElement\":[{\"@type\":\"ListItem\",\"position\":1,\"name\":\"Portada\",\"item\":\"https:\\\/\\\/trucks.motortarrega.com\\\/\"},{\"@type\":\"ListItem\",\"position\":2,\"name\":\"MOTOR T\u00c0RREGA INAUGURA EL RINC\u00d3N DEL H\u00c9ROE\"}]},{\"@type\":\"WebSite\",\"@id\":\"https:\\\/\\\/trucks.motortarrega.com\\\/#website\",\"url\":\"https:\\\/\\\/trucks.motortarrega.com\\\/\",\"name\":\"Motor T\u00e0rrega\",\"description\":\"Siempre a tu lado.\",\"publisher\":{\"@id\":\"https:\\\/\\\/trucks.motortarrega.com\\\/#organization\"},\"potentialAction\":[{\"@type\":\"SearchAction\",\"target\":{\"@type\":\"EntryPoint\",\"urlTemplate\":\"https:\\\/\\\/trucks.motortarrega.com\\\/?s={search_term_string}\"},\"query-input\":{\"@type\":\"PropertyValueSpecification\",\"valueRequired\":true,\"valueName\":\"search_term_string\"}}],\"inLanguage\":\"ca\"},{\"@type\":\"Organization\",\"@id\":\"https:\\\/\\\/trucks.motortarrega.com\\\/#organization\",\"name\":\"Motor T\u00e0rrega\",\"url\":\"https:\\\/\\\/trucks.motortarrega.com\\\/\",\"logo\":{\"@type\":\"ImageObject\",\"inLanguage\":\"ca\",\"@id\":\"https:\\\/\\\/trucks.motortarrega.com\\\/#\\\/schema\\\/logo\\\/image\\\/\",\"url\":\"https:\\\/\\\/trucks.motortarrega.com\\\/wp-content\\\/uploads\\\/2024\\\/12\\\/motor-tarrega-logo.webp\",\"contentUrl\":\"https:\\\/\\\/trucks.motortarrega.com\\\/wp-content\\\/uploads\\\/2024\\\/12\\\/motor-tarrega-logo.webp\",\"width\":732,\"height\":189,\"caption\":\"Motor T\u00e0rrega\"},\"image\":{\"@id\":\"https:\\\/\\\/trucks.motortarrega.com\\\/#\\\/schema\\\/logo\\\/image\\\/\"},\"sameAs\":[\"https:\\\/\\\/www.facebook.com\\\/motortarrega\\\/\",\"https:\\\/\\\/www.instagram.com\\\/motortarrega\\\/\",\"https:\\\/\\\/www.linkedin.com\\\/organization-guest\\\/company\\\/motor-tarrega\"]},{\"@type\":\"Person\",\"@id\":\"https:\\\/\\\/trucks.motortarrega.com\\\/#\\\/schema\\\/person\\\/a10e624be35c9777fbeca36df9b9f7ca\",\"name\":\"admin\",\"sameAs\":[\"http:\\\/\\\/trucks.motortarrega.com\"],\"url\":\"https:\\\/\\\/trucks.motortarrega.com\\\/ca\\\/author\\\/marketingaccion\\\/\"}]}<\/script>\n<!-- \/ Yoast SEO plugin. -->","yoast_head_json":{"title":"MOTOR T\u00c0RREGA INAUGURA EL RINC\u00d3N DEL H\u00c9ROE - Motor T\u00e0rrega","description":"MOTOR T\u00c0RREGA INAUGURA EL RINC\u00d3N DEL H\u00c9ROE - Noticias Motor T\u00e0rrega Trucks","robots":{"index":"index","follow":"follow","max-snippet":"max-snippet:-1","max-image-preview":"max-image-preview:large","max-video-preview":"max-video-preview:-1"},"canonical":"https:\/\/trucks.motortarrega.com\/motor-tarrega-inaugura-el-rincon-del-heroe\/","og_locale":"ca_ES","og_type":"article","og_title":"MOTOR T\u00c0RREGA INAUGURA EL RINC\u00d3N DEL H\u00c9ROE - Motor T\u00e0rrega","og_description":"MOTOR T\u00c0RREGA INAUGURA EL RINC\u00d3N DEL H\u00c9ROE - Noticias Motor T\u00e0rrega Trucks","og_url":"https:\/\/trucks.motortarrega.com\/motor-tarrega-inaugura-el-rincon-del-heroe\/","og_site_name":"Motor T\u00e0rrega","article_publisher":"https:\/\/www.facebook.com\/motortarrega\/","article_published_time":"2020-07-17T06:16:29+00:00","og_image":[{"width":801,"height":438,"url":"https:\/\/trucks.motortarrega.com\/wp-content\/uploads\/2025\/01\/rincon-del-heroe.jpg","type":"image\/jpeg"}],"author":"admin","twitter_card":"summary_large_image","twitter_misc":{"Escrit per":"admin","Temps estimat de lectura":"1 minut"},"schema":{"@context":"https:\/\/schema.org","@graph":[{"@type":"Article","@id":"https:\/\/trucks.motortarrega.com\/motor-tarrega-inaugura-el-rincon-del-heroe\/#article","isPartOf":{"@id":"https:\/\/trucks.motortarrega.com\/motor-tarrega-inaugura-el-rincon-del-heroe\/"},"author":{"name":"admin","@id":"https:\/\/trucks.motortarrega.com\/#\/schema\/person\/a10e624be35c9777fbeca36df9b9f7ca"},"headline":"MOTOR T\u00c0RREGA INAUGURA EL RINC\u00d3N DEL H\u00c9ROE","datePublished":"2020-07-17T06:16:29+00:00","mainEntityOfPage":{"@id":"https:\/\/trucks.motortarrega.com\/motor-tarrega-inaugura-el-rincon-del-heroe\/"},"wordCount":304,"commentCount":0,"publisher":{"@id":"https:\/\/trucks.motortarrega.com\/#organization"},"image":{"@id":"https:\/\/trucks.motortarrega.com\/motor-tarrega-inaugura-el-rincon-del-heroe\/#primaryimage"},"thumbnailUrl":"https:\/\/trucks.motortarrega.com\/wp-content\/uploads\/2025\/01\/rincon-del-heroe.jpg","articleSection":["Motor T\u00e0rrega"],"inLanguage":"ca"},{"@type":"WebPage","@id":"https:\/\/trucks.motortarrega.com\/motor-tarrega-inaugura-el-rincon-del-heroe\/","url":"https:\/\/trucks.motortarrega.com\/motor-tarrega-inaugura-el-rincon-del-heroe\/","name":"MOTOR T\u00c0RREGA INAUGURA EL RINC\u00d3N DEL H\u00c9ROE - Motor T\u00e0rrega","isPartOf":{"@id":"https:\/\/trucks.motortarrega.com\/#website"},"primaryImageOfPage":{"@id":"https:\/\/trucks.motortarrega.com\/motor-tarrega-inaugura-el-rincon-del-heroe\/#primaryimage"},"image":{"@id":"https:\/\/trucks.motortarrega.com\/motor-tarrega-inaugura-el-rincon-del-heroe\/#primaryimage"},"thumbnailUrl":"https:\/\/trucks.motortarrega.com\/wp-content\/uploads\/2025\/01\/rincon-del-heroe.jpg","datePublished":"2020-07-17T06:16:29+00:00","description":"MOTOR T\u00c0RREGA INAUGURA EL RINC\u00d3N DEL H\u00c9ROE - Noticias Motor T\u00e0rrega Trucks","breadcrumb":{"@id":"https:\/\/trucks.motortarrega.com\/motor-tarrega-inaugura-el-rincon-del-heroe\/#breadcrumb"},"inLanguage":"ca","potentialAction":[{"@type":"ReadAction","target":["https:\/\/trucks.motortarrega.com\/motor-tarrega-inaugura-el-rincon-del-heroe\/"]}]},{"@type":"ImageObject","inLanguage":"ca","@id":"https:\/\/trucks.motortarrega.com\/motor-tarrega-inaugura-el-rincon-del-heroe\/#primaryimage","url":"https:\/\/trucks.motortarrega.com\/wp-content\/uploads\/2025\/01\/rincon-del-heroe.jpg","contentUrl":"https:\/\/trucks.motortarrega.com\/wp-content\/uploads\/2025\/01\/rincon-del-heroe.jpg","width":801,"height":438},{"@type":"BreadcrumbList","@id":"https:\/\/trucks.motortarrega.com\/motor-tarrega-inaugura-el-rincon-del-heroe\/#breadcrumb","itemListElement":[{"@type":"ListItem","position":1,"name":"Portada","item":"https:\/\/trucks.motortarrega.com\/"},{"@type":"ListItem","position":2,"name":"MOTOR T\u00c0RREGA INAUGURA EL RINC\u00d3N DEL H\u00c9ROE"}]},{"@type":"WebSite","@id":"https:\/\/trucks.motortarrega.com\/#website","url":"https:\/\/trucks.motortarrega.com\/","name":"Motor T\u00e0rrega","description":"Siempre a tu lado.","publisher":{"@id":"https:\/\/trucks.motortarrega.com\/#organization"},"potentialAction":[{"@type":"SearchAction","target":{"@type":"EntryPoint","urlTemplate":"https:\/\/trucks.motortarrega.com\/?s={search_term_string}"},"query-input":{"@type":"PropertyValueSpecification","valueRequired":true,"valueName":"search_term_string"}}],"inLanguage":"ca"},{"@type":"Organization","@id":"https:\/\/trucks.motortarrega.com\/#organization","name":"Motor T\u00e0rrega","url":"https:\/\/trucks.motortarrega.com\/","logo":{"@type":"ImageObject","inLanguage":"ca","@id":"https:\/\/trucks.motortarrega.com\/#\/schema\/logo\/image\/","url":"https:\/\/trucks.motortarrega.com\/wp-content\/uploads\/2024\/12\/motor-tarrega-logo.webp","contentUrl":"https:\/\/trucks.motortarrega.com\/wp-content\/uploads\/2024\/12\/motor-tarrega-logo.webp","width":732,"height":189,"caption":"Motor T\u00e0rrega"},"image":{"@id":"https:\/\/trucks.motortarrega.com\/#\/schema\/logo\/image\/"},"sameAs":["https:\/\/www.facebook.com\/motortarrega\/","https:\/\/www.instagram.com\/motortarrega\/","https:\/\/www.linkedin.com\/organization-guest\/company\/motor-tarrega"]},{"@type":"Person","@id":"https:\/\/trucks.motortarrega.com\/#\/schema\/person\/a10e624be35c9777fbeca36df9b9f7ca","name":"admin","sameAs":["http:\/\/trucks.motortarrega.com"],"url":"https:\/\/trucks.motortarrega.com\/ca\/author\/marketingaccion\/"}]}},"_links":{"self":[{"href":"https:\/\/trucks.motortarrega.com\/ca\/wp-json\/wp\/v2\/posts\/1058","targetHints":{"allow":["GET"]}}],"collection":[{"href":"https:\/\/trucks.motortarrega.com\/ca\/wp-json\/wp\/v2\/posts"}],"about":[{"href":"https:\/\/trucks.motortarrega.com\/ca\/wp-json\/wp\/v2\/types\/post"}],"author":[{"embeddable":true,"href":"https:\/\/trucks.motortarrega.com\/ca\/wp-json\/wp\/v2\/users\/1"}],"replies":[{"embeddable":true,"href":"https:\/\/trucks.motortarrega.com\/ca\/wp-json\/wp\/v2\/comments?post=1058"}],"version-history":[{"count":0,"href":"https:\/\/trucks.motortarrega.com\/ca\/wp-json\/wp\/v2\/posts\/1058\/revisions"}],"wp:featuredmedia":[{"embeddable":true,"href":"https:\/\/trucks.motortarrega.com\/ca\/wp-json\/wp\/v2\/media\/1059"}],"wp:attachment":[{"href":"https:\/\/trucks.motortarrega.com\/ca\/wp-json\/wp\/v2\/media?parent=1058"}],"wp:term":[{"taxonomy":"category","embeddable":true,"href":"https:\/\/trucks.motortarrega.com\/ca\/wp-json\/wp\/v2\/categories?post=1058"},{"taxonomy":"post_tag","embeddable":true,"href":"https:\/\/trucks.motortarrega.com\/ca\/wp-json\/wp\/v2\/tags?post=1058"}],"curies":[{"name":"wp","href":"https:\/\/api.w.org\/{rel}","templated":true}]}}